[{"@context":"https:\/\/schema.org\/","@type":"Article","@id":"https:\/\/www.movira.cz\/kdy-je-pro-majitele-vhodny-pronajem-skladu\/#Article","mainEntityOfPage":"https:\/\/www.movira.cz\/kdy-je-pro-majitele-vhodny-pronajem-skladu\/","headline":"Kdy je pro majitele vhodn\u00fd pron\u00e1jem skladu","name":"Kdy je pro majitele vhodn\u00fd pron\u00e1jem skladu","description":"Jako ka\u017ed\u00e1 jin\u00e1 nemovitost, i sklad m\u00e1 sv\u00e9ho vlastn\u00edka. Ten je uveden jako takov\u00fd v katastru nemovitost\u00ed a plat\u00ed p\u0159\u00edslu\u0161n\u00e9 dan\u011b. V\u011bt\u0161inou jej tak\u00e9 vyu\u017e\u00edv\u00e1, nap\u0159\u00edklad k usklad\u0148ov\u00e1n\u00ed vlastn\u00edho zbo\u017e\u00ed,...","datePublished":"2022-10-15","dateModified":"2023-05-02","author":{"@type":"Person","@id":"https:\/\/www.movira.cz\/author\/#Person","name":"","url":"https:\/\/www.movira.cz\/author\/","identifier":1,"image":{"@type":"ImageObject","@id":"https:\/\/secure.gravatar.com\/avatar\/d61351daa6b4b113e92ed2d39ca84063b8a3419e3b611b82557c5b9e6ade1cef?s=96&d=mm&r=g","url":"https:\/\/secure.gravatar.com\/avatar\/d61351daa6b4b113e92ed2d39ca84063b8a3419e3b611b82557c5b9e6ade1cef?s=96&d=mm&r=g","height":96,"width":96}},"publisher":{"@type":"Organization","name":"movira.cz","logo":{"@type":"ImageObject","@id":"\/logo.png","url":"\/logo.png","width":600,"height":60}},"image":{"@type":"ImageObject","@id":"https:\/\/www.movira.cz\/wp-content\/uploads\/sklad1_3.jpg","url":"https:\/\/www.movira.cz\/wp-content\/uploads\/sklad1_3.jpg","height":0,"width":0},"url":"https:\/\/www.movira.cz\/kdy-je-pro-majitele-vhodny-pronajem-skladu\/","about":["Spole\u010dnosti"],"wordCount":439,"articleBody":"   Jako ka\u017ed\u00e1 jin\u00e1 nemovitost, i sklad m\u00e1 sv\u00e9ho vlastn\u00edka. Ten je uveden jako takov\u00fd v katastru nemovitost\u00ed a plat\u00ed p\u0159\u00edslu\u0161n\u00e9 dan\u011b. V\u011bt\u0161inou jej tak\u00e9 vyu\u017e\u00edv\u00e1, nap\u0159\u00edklad k usklad\u0148ov\u00e1n\u00ed vlastn\u00edho zbo\u017e\u00ed, kter\u00e9 prod\u00e1v\u00e1. Zvl\u00e1\u0161t\u011b v dne\u0161n\u00ed dob\u011b v\u0161ak nast\u00e1v\u00e1 situace, kdy kapacita skladu nen\u00ed pln\u011b vyu\u017eita, a jeho v\u011bt\u0161\u00ed \u010d\u00e1st z\u016fst\u00e1v\u00e1 dlouhodob\u011b pr\u00e1zdn\u00e1. V takov\u00e9m p\u0159\u00edpad\u011b jde samoz\u0159ejm\u011b o nev\u00fdhodnou situaci, nebo\u0165 t\u00edmto p\u0159ich\u00e1z\u00ed o pen\u00edze. Co tedy d\u011blat?Jednou z mo\u017enost\u00ed je pron\u00e1jem skladu OTP sklady dal\u0161\u00edm osob\u00e1m, a\u0165 u\u017e fyzick\u00fdm \u010di pr\u00e1vnick\u00fdm. V\u011bt\u0161inou se jedn\u00e1 o drobn\u00e9 podnikatele, kte\u0159\u00ed sice pot\u0159ebuj\u00ed sv\u00e9 zbo\u017e\u00ed n\u011bkde uskladnit, av\u0161ak nemaj\u00ed k tomu vhodn\u00e9 prostory a maj\u00ed jej tak m\u00e1lo, \u017ee se jim nevyplat\u00ed je kupovat. Nespornou v\u00fdhodou zde je, \u017ee n\u00e1m takto bude n\u00e1\u0161 sklad nav\u00edc i vyd\u011bl\u00e1vat. Je toti\u017e jasn\u00e9, \u017ee stanov\u00edme takov\u00fd n\u00e1jem, abychom nejen pokryli ve\u0161ker\u00e9 n\u00e1klady, ale tak\u00e9 dos\u00e1hli ur\u010dit\u00e9ho zisku. A to se v dne\u0161n\u00ed ekonomick\u00e9 situaci rozhodn\u011b hod\u00ed. Bohu\u017eel, zdaleka ne v\u0161e je tak r\u016f\u017eov\u00e9, jak se m\u016f\u017ee zd\u00e1t. S pron\u00e1jmem se mohou vyskytnout nejr\u016fzn\u011bj\u0161\u00ed probl\u00e9my a nakonec se m\u016f\u017ee uk\u00e1zat jako prod\u011ble\u010dn\u00fd. Proto je pot\u0159eba p\u0159i vyb\u00edr\u00e1n\u00ed n\u00e1jemce d\u00e1vat velk\u00fd pozor. Jak\u00e9 probl\u00e9my se mohou vyskytnout?Asi nejv\u011bt\u0161\u00edm je ten, \u017ee n\u00e1jemce nebude platit. Jist\u011b, existuj\u00ed ur\u010dit\u00e9 p\u00e1ky, kter\u00e9 je mo\u017en\u00e9 pou\u017e\u00edt, av\u0161ak nikdy nen\u00ed jist\u00e9, zda budou fungovat. Pokud nav\u00edc skute\u010dn\u011b nem\u00e1 pen\u00edze, pak platit ani nem\u016f\u017ee. To je probl\u00e9m p\u0159edev\u0161\u00edm pr\u00e1v\u011b u mal\u00fdch podnikatel\u016f, kte\u0159\u00ed byli nejv\u00edce posti\u017eeni sou\u010dasn\u00fdm zdra\u017eov\u00e1n\u00edm p\u0159edev\u0161\u00edm energi\u00ed. Dal\u0161\u00edm probl\u00e9mem, kter\u00fd se m\u016f\u017ee vyskytnout, je fakt, \u017ee n\u00e1jemce nebude o dan\u00fd prostor \u0159\u00e1dn\u011b pe\u010dovat, p\u0159\u00edpadn\u011b n\u011bjak\u00fdm zp\u016fsobem po\u0161kod\u00ed za\u0159\u00edzen\u00ed, kter\u00e9 je tam um\u00edst\u011bno, co\u017e bude vy\u017eadovat n\u00e1kladnou opravu. T\u00edm se n\u00e1m v\u0161e m\u016f\u017ee zna\u010dn\u011b prodra\u017eit. Proto je v\u017edy dobr\u00e9 si ka\u017ed\u00e9ho n\u00e1jemce p\u0159edem prov\u011b\u0159it a sepsat s n\u00edm jasnou a konkr\u00e9tn\u00ed smlouvu. To je nejlep\u0161\u00ed cesta, jak se v tomto ohledu vyhnout pot\u00ed\u017e\u00edm.                                                                                                                                                                                                                                                                                                                                                                                          4.8\/5 - (10 votes)        "},{"@context":"https:\/\/schema.org\/","@type":"BreadcrumbList","itemListElement":[{"@type":"ListItem","position":1,"name":"Kdy je pro majitele vhodn\u00fd pron\u00e1jem skladu","item":"https:\/\/www.movira.cz\/kdy-je-pro-majitele-vhodny-pronajem-skladu\/#breadcrumbitem"}]}]