[{"@context":"https:\/\/schema.org\/","@type":"Article","@id":"https:\/\/www.movira.cz\/lyzarsky-areal-bukova-hora-vas-zve-do-horskeho-prostredi-i-v-lete\/#Article","mainEntityOfPage":"https:\/\/www.movira.cz\/lyzarsky-areal-bukova-hora-vas-zve-do-horskeho-prostredi-i-v-lete\/","headline":"Ly\u017ea\u0159sk\u00fd are\u00e1l Bukov\u00e1 hora v\u00e1s zve do horsk\u00e9ho prost\u0159ed\u00ed i v l\u00e9t\u011b","name":"Ly\u017ea\u0159sk\u00fd are\u00e1l Bukov\u00e1 hora v\u00e1s zve do horsk\u00e9ho prost\u0159ed\u00ed i v l\u00e9t\u011b","description":"Skiresort Bukov\u00e1 hora neboli Bukovka je vyhl\u00e1\u0161en\u00e9 st\u0159edisko zimn\u00edch sport\u016f. Jedn\u00e1 se o dva spojen\u00e9 ski are\u00e1ly \u010cenkovice a \u010cerven\u00e1 Voda, kter\u00e9 se rozkl\u00e1daj\u00ed na svaz\u00edch a v bl\u00edzkosti Bukov\u00e9...","datePublished":"2022-11-27","dateModified":"2023-05-02","author":{"@type":"Person","@id":"https:\/\/www.movira.cz\/author\/#Person","name":"","url":"https:\/\/www.movira.cz\/author\/","identifier":1,"image":{"@type":"ImageObject","@id":"https:\/\/secure.gravatar.com\/avatar\/d61351daa6b4b113e92ed2d39ca84063b8a3419e3b611b82557c5b9e6ade1cef?s=96&d=mm&r=g","url":"https:\/\/secure.gravatar.com\/avatar\/d61351daa6b4b113e92ed2d39ca84063b8a3419e3b611b82557c5b9e6ade1cef?s=96&d=mm&r=g","height":96,"width":96}},"publisher":{"@type":"Organization","name":"movira.cz","logo":{"@type":"ImageObject","@id":"\/logo.png","url":"\/logo.png","width":600,"height":60}},"image":{"@type":"ImageObject","@id":"https:\/\/www.movira.cz\/wp-content\/uploads\/country-4406293_640_2.jpg","url":"https:\/\/www.movira.cz\/wp-content\/uploads\/country-4406293_640_2.jpg","height":0,"width":0},"url":"https:\/\/www.movira.cz\/lyzarsky-areal-bukova-hora-vas-zve-do-horskeho-prostredi-i-v-lete\/","about":["Spole\u010dnosti"],"wordCount":408,"articleBody":"   Skiresort Bukov\u00e1 hora neboli Bukovka je vyhl\u00e1\u0161en\u00e9 st\u0159edisko zimn\u00edch sport\u016f. Jedn\u00e1 se o dva spojen\u00e9 ski are\u00e1ly \u010cenkovice a \u010cerven\u00e1 Voda, kter\u00e9 se rozkl\u00e1daj\u00ed na svaz\u00edch a v bl\u00edzkosti Bukov\u00e9 hory v Orlick\u00fdch hor\u00e1ch. N\u00e1v\u0161t\u011bvn\u00edci jist\u011b ocen\u00ed d\u00e9lku, po\u010det, obt\u00ed\u017enosti i polohu sjezdov\u00fdch trat\u00ed. Sm\u011brem na v\u00fdchod jsou k dispozici dva lesn\u00ed pr\u016fseky o d\u00e9lce p\u0159es dva kilometry, s m\u00edstn\u00edmi n\u00e1zvy Heroltick\u00e1 a Ml\u00fdnice, na opa\u010dn\u00e9 stran\u011b Bukov\u00e9 hory v \u010cenkovic\u00edch jsou to zas sjezdovky Svitavsk\u00e1 a T\u0159ebovsk\u00e1. A kdo si r\u00e1d u\u017e\u00edv\u00e1 proslun\u011bn\u00fd ter\u00e9n, m\u016f\u017ee to zkusit na krat\u0161\u00edch sjezdovk\u00e1ch Vigona a \u010cenkovick\u00e1.Skiresort v\u0161ak neprovozuje pouze zimn\u00ed sporty, umo\u017en\u00ed v\u00e1m rekrea\u010dn\u00ed pobyt v jak\u00e9koli ro\u010dn\u00ed dob\u011b. M\u016f\u017eete tu tr\u00e1vit i velmi p\u0159\u00edjemn\u00e9 l\u00e9to, a l\u00e9to na hor\u00e1ch pat\u0159\u00ed k nejkr\u00e1sn\u011bj\u0161\u00edm z\u00e1\u017eitk\u016fm, kter\u00e9 si v \u017eivot\u011b m\u016f\u017eete dop\u0159\u00e1t.Lanovkou za poh\u00e1dkouSkiresort Bukovka si pro v\u00e1s p\u0159ipravil i n\u011bkter\u00e9 zaj\u00edmav\u00e9 atrakce, kter\u00e9 oslov\u00ed dosp\u011bl\u00e9 a p\u0159edev\u0161\u00edm jejich ratolesti. Lanovkou za poh\u00e1dkou Ski Bukovka se jmenuje akce, po\u0159\u00e1dan\u00e1 v letn\u00edm obdob\u00ed na samotn\u00e9m vrcholu kopce, kter\u00fd v zim\u011b pat\u0159\u00ed p\u0159edev\u0161\u00edm sjezdov\u00fdm ly\u017ea\u0159\u016fm. Tentokr\u00e1t se tu setk\u00e1te s poh\u00e1dkov\u00fdmi postavi\u010dkami a d\u011bti s nimi mohou plnit jednoduch\u00e9 drobn\u00e9 \u00fakoly, za n\u011b\u017e obdr\u017e\u00ed i malou odm\u011bnu.Co je v\u0161ak podstatn\u00e9, vystoup\u00e1te na jeden z nejvy\u0161\u0161\u00edch vrchol\u016f Orlick\u00fdch hor, do v\u00fd\u0161ky 958 metr\u016f man mo\u0159em, a v tomto horsk\u00e9m prost\u0159ed\u00ed budete vn\u00edmat nejen kr\u00e1su okoln\u00ed p\u0159\u00edrody, ale zejm\u00e9na sv\u011b\u017e\u00ed ionizovan\u00fd vzduch a spoustu energie z jehli\u010dnat\u00e9ho porostu. Bude to sv\u00fdm zp\u016fsobem i poh\u00e1dka pro dosp\u011bl\u00e9, kte\u0159\u00ed nemus\u00ed tr\u010det n\u011bkde v p\u0159elidn\u011bn\u00e9m p\u0159\u00edmo\u0159sk\u00e9m hotelu a \u0161lapat po sob\u011b po zapln\u011bn\u00e9 pl\u00e1\u017ei se stovkami ru\u010dn\u00edk\u016f a polonah\u00fdch rekreant\u016f, kde prakticky neexistuje \u017e\u00e1dn\u00e9 soukrom\u00ed. Pobyt na hor\u00e1ch je velmi p\u016fsobiv\u00fd zejm\u00e9na v l\u00e9t\u011b, a kdo z v\u00e1s to je\u0161t\u011b nikdy nezkusil, tomu to v\u0159ele doporu\u010dujeme.                                                                                                                                                                                                                                                                                                                                                                                          5\/5 - (9 votes)        "},{"@context":"https:\/\/schema.org\/","@type":"BreadcrumbList","itemListElement":[{"@type":"ListItem","position":1,"name":"Ly\u017ea\u0159sk\u00fd are\u00e1l Bukov\u00e1 hora v\u00e1s zve do horsk\u00e9ho prost\u0159ed\u00ed i v l\u00e9t\u011b","item":"https:\/\/www.movira.cz\/lyzarsky-areal-bukova-hora-vas-zve-do-horskeho-prostredi-i-v-lete\/#breadcrumbitem"}]}]