[{"@context":"https:\/\/schema.org\/","@type":"Article","@id":"https:\/\/www.movira.cz\/pestujte-bylinky-na-zahrade-ale-v-kvetinaci\/#Article","mainEntityOfPage":"https:\/\/www.movira.cz\/pestujte-bylinky-na-zahrade-ale-v-kvetinaci\/","headline":"P\u011bstujte bylinky na zahrad\u011b, ale v kv\u011btin\u00e1\u010di","name":"P\u011bstujte bylinky na zahrad\u011b, ale v kv\u011btin\u00e1\u010di","description":"Ne ka\u017ed\u00fd vlastn\u00edk zahrady mus\u00ed b\u00fdt nad\u0161en\u00fdm zahradn\u00edkem. N\u011bkomu vyhovuje pouze udr\u017eovan\u00fd tr\u00e1vn\u00edk, jin\u00fd m\u00e1 kytky, kam se pod\u00edv\u00e1te. V ka\u017ed\u00e9m p\u0159\u00edpad\u011b, kdy\u017e u\u017e jsme kouskem p\u016fdy obda\u0159eni, m\u011bli bychom...","datePublished":"2018-05-02","dateModified":"2023-05-02","author":{"@type":"Person","@id":"https:\/\/www.movira.cz\/author\/#Person","name":"","url":"https:\/\/www.movira.cz\/author\/","identifier":1,"image":{"@type":"ImageObject","@id":"https:\/\/secure.gravatar.com\/avatar\/d61351daa6b4b113e92ed2d39ca84063b8a3419e3b611b82557c5b9e6ade1cef?s=96&d=mm&r=g","url":"https:\/\/secure.gravatar.com\/avatar\/d61351daa6b4b113e92ed2d39ca84063b8a3419e3b611b82557c5b9e6ade1cef?s=96&d=mm&r=g","height":96,"width":96}},"publisher":{"@type":"Organization","name":"movira.cz","logo":{"@type":"ImageObject","@id":"\/logo.png","url":"\/logo.png","width":600,"height":60}},"image":{"@type":"ImageObject","@id":"https:\/\/www.movira.cz\/wp-content\/uploads\/img_a319524_w2500_t1530557298.jpg","url":"https:\/\/www.movira.cz\/wp-content\/uploads\/img_a319524_w2500_t1530557298.jpg","height":0,"width":0},"url":"https:\/\/www.movira.cz\/pestujte-bylinky-na-zahrade-ale-v-kvetinaci\/","wordCount":403,"articleBody":"Ne ka\u017ed\u00fd vlastn\u00edk zahrady mus\u00ed b\u00fdt nad\u0161en\u00fdm zahradn\u00edkem. N\u011bkomu vyhovuje pouze udr\u017eovan\u00fd tr\u00e1vn\u00edk, jin\u00fd m\u00e1 kytky, kam se pod\u00edv\u00e1te. V ka\u017ed\u00e9m p\u0159\u00edpad\u011b, kdy\u017e u\u017e jsme kouskem p\u016fdy obda\u0159eni, m\u011bli bychom ji vyu\u017e\u00edt alespo\u0148 \u010d\u00e1ste\u010dn\u011b. Nemus\u00edte obd\u011bl\u00e1vat des\u00edtky z\u00e1hon\u016f, ale zkuste pop\u0159em\u00fd\u0161let o tom, jestli si alespo\u0148 pro vylep\u0161en\u00ed j\u00eddeln\u00ed\u010dku nevyp\u011bstovat p\u00e1r vlastn\u00edch \u010derstv\u00fdch bylinek. Bylinky jsou ve v\u011bt\u0161in\u011b p\u0159\u00edpad\u016f na p\u011bstov\u00e1n\u00ed jednoduch\u00e9 a vhodn\u00e9 i pro za\u010d\u00e1te\u010dn\u00edky. Pokud si najdete ten spr\u00e1vn\u00fd druh, rozhodn\u011b nem\u00e1te co zkazit. Rostlinky m\u016f\u017eete um\u00edstit rovnou do z\u00e1honu, ale vysta\u010d\u00ed si i s truhl\u00edkem nebo prostorn\u00fdm kv\u011btin\u00e1\u010dem. Pokud je chcete zasadit do n\u011bjak\u00e9 netradi\u010dn\u00ed n\u00e1doby, zvolte bez obav star\u00fd hrnec, smaltovanou m\u00edsu nebo n\u00e1dobu z kameniny. Kdy\u017e olemujete levandul\u00ed venkovn\u00ed posezen\u00ed nebo terasu, kter\u00e1 v\u00e1m slou\u017e\u00ed k relaxaci, budete mile p\u0159ekvapeni levandulovou v\u016fni, kter\u00e1 v\u00e1s za letn\u00edch ve\u010der\u016f obest\u0159e. Na chv\u00edli si mo\u017en\u00e1 budete p\u0159ipadat jako v Provance a je\u0161t\u011b pot\u011b\u0161\u00edte medonosn\u00fd hmyz. Na \u00fadr\u017ebu levandule p\u0159\u00edli\u0161 \u00fasil\u00ed vynalo\u017eit nemus\u00edte. Po odkv\u011btu ji sta\u010d\u00ed jen sest\u0159ihnout. Such\u00e9 kv\u011bty v\u00e1m v dom\u011b je\u0161t\u011b poslou\u017e\u00ed jako odpuzova\u010d mol\u016f. Stejn\u011b nen\u00e1ro\u010dn\u00e9 jako p\u011bstov\u00e1n\u00ed levandule, je p\u011bstov\u00e1n\u00ed m\u00e1ty. Osv\u011b\u017euj\u00edc\u00ed bylinka, kterou m\u016f\u017eete pou\u017e\u00edt do r\u016fzn\u00fdch studen\u00fdch koktejl\u016f, ale i jako zaj\u00edmav\u00fd dopln\u011bk dezert\u016f. M\u00e1tu si m\u016f\u017eete vybrat z n\u011bkolika druh\u016f v\u016fn\u00ed a chu\u0165ov\u00fdch variac\u00ed.M\u00e1ta ananasov\u00e1, jahodov\u00e1, citr\u00f3nov\u00e1, ale i \u010dokol\u00e1dov\u00e1 se m\u016f\u017ee st\u00e1t dopl\u0148kem va\u0161eho j\u00eddeln\u00ed\u010dku. Nejaromati\u010dt\u011bj\u0161\u00ed a nejv\u00edce sv\u011b\u017e\u00ed chu\u0165 m\u00e1, ale klasick\u00e1 m\u00e1ta peprn\u00e1. Bylinky byste m\u011bli p\u011bstovat na m\u00edst\u011b co nejv\u00edce dostupn\u00e9m ke vchodu do domu nebo bl\u00edzko terasy. Je to praktick\u00e9, kdy\u017e pot\u0159ebujete pou\u017e\u00edt \u010derstv\u00e9 bylinky do va\u0159en\u00ed, nemus\u00edte se vydat p\u0159es celou zahradu. Nezapome\u0148te tak\u00e9 na pa\u017eitku, petr\u017eel a bazalku, bez nich se p\u0159i va\u0159en\u00ed neobejdete.                                                                                                                                                                                                                                                                                                                                                                                        3.5\/5 - (6 votes)        "},{"@context":"https:\/\/schema.org\/","@type":"BreadcrumbList","itemListElement":[{"@type":"ListItem","position":1,"name":"P\u011bstujte bylinky na zahrad\u011b, ale v kv\u011btin\u00e1\u010di","item":"https:\/\/www.movira.cz\/pestujte-bylinky-na-zahrade-ale-v-kvetinaci\/#breadcrumbitem"}]}]